[{"@context":"https:\/\/schema.org\/","@type":"Article","@id":"https:\/\/www.famosharazimova.cz\/virivka-k-narozeninam-a-kdo-to-bude-opravovat\/#Article","mainEntityOfPage":"https:\/\/www.famosharazimova.cz\/virivka-k-narozeninam-a-kdo-to-bude-opravovat\/","headline":"V\u00ed\u0159ivka k narozenin\u00e1m? A kdo to bude opravovat?","name":"V\u00ed\u0159ivka k narozenin\u00e1m? A kdo to bude opravovat?","description":"Taky jste se zamilovali do v\u00ed\u0159ivek? A zrovna jste si jednu.","datePublished":"2021-11-06","dateModified":"2023-06-08","author":{"@type":"Person","@id":"https:\/\/www.famosharazimova.cz\/author\/devene\/#Person","name":"devene","url":"https:\/\/www.famosharazimova.cz\/author\/devene\/","identifier":1,"image":{"@type":"ImageObject","@id":"https:\/\/secure.gravatar.com\/avatar\/383247cd769f7ac317a5bcda943ec48a3c79d996598ae4564ec21a0e178126d1?s=96&d=mm&r=g","url":"https:\/\/secure.gravatar.com\/avatar\/383247cd769f7ac317a5bcda943ec48a3c79d996598ae4564ec21a0e178126d1?s=96&d=mm&r=g","height":96,"width":96}},"publisher":{"@type":"Organization","name":"famosharazimova.cz","logo":{"@type":"ImageObject","@id":"\/logo.png","url":"\/logo.png","width":600,"height":60}},"image":{"@type":"ImageObject","@id":"https:\/\/www.famosharazimova.cz\/wp-content\/uploads\/ref2-1.jpg","url":"https:\/\/www.famosharazimova.cz\/wp-content\/uploads\/ref2-1.jpg","height":0,"width":0},"url":"https:\/\/www.famosharazimova.cz\/virivka-k-narozeninam-a-kdo-to-bude-opravovat\/","about":["V\u00fdrobky"],"wordCount":498,"articleBody":"       Taky jste se zamilovali do v\u00ed\u0159ivek? A zrovna jste si jednu dom\u016f po\u0159\u00eddili? Nebo jste wellness, kter\u00e9 se denn\u011b nespo\u010detn\u011b star\u00e1 o n\u011bkolik, klidn\u011b i des\u00edtek? Tak se mi kone\u010dn\u011b splnil sen, a po\u0159\u00eddili jsme si dom\u016f v\u00ed\u0159ivku. Man\u017eelka v n\u00ed str\u00e1v\u00ed cel\u00e9 hodiny, ale j\u00e1 na to moc nejsem. Ale jak n\u011bco nejde tak si na pomoc vol\u00e1 m\u011b, ale copak se v tom vyzn\u00e1m? Kdo m\u011b te\u010f zachr\u00e1n\u00ed?No p\u0159ece my! Jsme tu od toho abychom v\u00e1s nenechali ve \u0161tychu. V dne\u0161n\u00ed dob\u011b snad nen\u00ed \u010dlov\u011bk, kter\u00fd mi jednou v \u017eivot\u011b ne\u0161el do v\u00ed\u0159ivky. Ale kdo si ji po\u0159\u00edd\u00ed dom\u016f, u\u017e si nemus\u00ed rezervovat term\u00edn, a zbyte\u010dn\u011b platit. No, ale co takov\u00e1 \u00fadr\u017eba? To je potom u\u017e o\u0159\u00ed\u0161ek. A nebo jste snad wellness kde v\u00e1m pr\u00e1v\u011b nefunguje v\u00ed\u0159ivka, a to ne zrovna jedna, ale i v\u00edce? A co v takov\u00e9 situaci d\u011blat, kdy\u017e u\u017e m\u00e1te nasmlouvan\u00e9 klienty, kte\u0159\u00ed chod\u00ed pravideln\u011b a o zisk p\u0159ij\u00edt rozhodn\u011b nechcete, proto\u017ee konkurence, kter\u00e1 s\u00eddl\u00ed t\u0159eba zrovna kousek od v\u00e1s, m\u00e1 v\u0161e v po\u0159\u00e1dku? My jsme p\u0159i\u0161li pr\u00e1v\u011b v pravou chv\u00edli, abychom v\u00e1s zachr\u00e1nili od t\u011bchto probl\u00e9m\u016f. Ale n\u011bkte\u0159\u00ed nemaj\u00ed jen v\u00ed\u0159ivky, ale tak\u00e9 v\u00ed\u0159iv\u00e9 vany, o kter\u00e9 je velk\u00fd z\u00e1jem.Pokud se v\u00e1m tedy tento v\u00fdrobek pokaz\u00ed i pozd\u011b ve\u010der, tak m\u00e1me z\u0159\u00edzenou nonstop pohotovost na kterou m\u016f\u017eete kdykoliv zavolat, a my v\u00e1m pom\u016f\u017eeme. M\u00e1me i svou vlastn\u00ed galerii prac\u00ed, abyste p\u0159esn\u011b v\u011bd\u011bli jak na\u0161e pr\u00e1ce prob\u011bhla, proto\u017ee tyto v\u00ed\u0159iv\u00e9 vany nebo v\u00ed\u0159ivky i instalujeme. Ale ned\u011bl\u00e1me jenom toto, nab\u00edz\u00edme i dal\u0161\u00ed slu\u017eby, a to konkr\u00e9tn\u011b zemn\u00ed a v\u00fdkopov\u00e9 pr\u00e1ce Praha. M\u00e1me kvalifikovan\u00fd t\u00fdm pracovn\u00edk\u016f kte\u0159\u00ed vykon\u00e1vaj\u00ed svou pr\u00e1ci velmi sv\u011bdomit\u011b a poctiv\u011b. A pokud se je\u0161t\u011b vr\u00e1t\u00edme k p\u0159edchoz\u00edm \u0159\u00e1dk\u016fm, tak v\u00e1m zazimujeme a odzimujeme baz\u00e9ny a v\u00ed\u0159iv\u00e9 vany. Jestli\u017ee si chcete o na\u0161ich slu\u017eb\u00e1ch do\u010d\u00edst v\u00edce. Tak nav\u0161tivte na\u0161e webov\u00e9 str\u00e1nky, kde m\u00e1me detailn\u011b popsan\u00e9 na\u0161e slu\u017eby, a v p\u0159\u00edpad\u011b jak\u00e9hokoliv dotazu, n\u00e1s kontaktuje. Spolu vy\u0159e\u0161\u00edme v\u00e1\u0161 probl\u00e9m raz dva! A m\u00e1me tak\u00e9 sv\u016fj vlastn\u00ed blog, kde se do\u010dtete zaj\u00edmav\u00e9 post\u0159ehy z t\u00e9to oblasti, a t\u0159eba si i n\u011b\u010demu zaj\u00edmav\u00e9mu p\u0159iu\u010d\u00edte. To u\u017e zkr\u00e1tka z\u00e1le\u017e\u00ed pouze jen na v\u00e1s. Tak u\u017e jste se rozhodli, \u017ee servis nenech\u00e1te jen tak? Nejlep\u0161\u00ed slu\u017eby &#8211; \u010di\u0161t\u011bn\u00ed v\u00ed\u0159ivek nab\u00edz\u00edme pr\u00e1v\u011b my!                                                                                                                                                                                                                                                                                                                                                                                                  "},{"@context":"https:\/\/schema.org\/","@type":"BreadcrumbList","itemListElement":[{"@type":"ListItem","position":1,"name":"V\u00ed\u0159ivka k narozenin\u00e1m? A kdo to bude opravovat?","item":"https:\/\/www.famosharazimova.cz\/virivka-k-narozeninam-a-kdo-to-bude-opravovat\/#breadcrumbitem"}]}]