[{"@context":"https:\/\/schema.org\/","@type":"Article","@id":"https:\/\/www.famosharazimova.cz\/jaka-omezeni-se-vztahuji-k-vystavbe-domu-v-prirodnich-rezervacich\/#Article","mainEntityOfPage":"https:\/\/www.famosharazimova.cz\/jaka-omezeni-se-vztahuji-k-vystavbe-domu-v-prirodnich-rezervacich\/","headline":"Jak\u00e1 omezen\u00ed se vztahuj\u00ed k v\u00fdstavb\u011b dom\u016f v p\u0159\u00edrodn\u00edch rezervac\u00edch","name":"Jak\u00e1 omezen\u00ed se vztahuj\u00ed k v\u00fdstavb\u011b dom\u016f v p\u0159\u00edrodn\u00edch rezervac\u00edch","description":"Finan\u010dn\u00ed situace se v\u00a0\u010desk\u00fdch rodin\u00e1ch za posledn\u00edch deset let zlep\u0161ila natolik,.","datePublished":"2023-06-08","dateModified":"2023-06-08","author":{"@type":"Person","@id":"https:\/\/www.famosharazimova.cz\/author\/devene\/#Person","name":"devene","url":"https:\/\/www.famosharazimova.cz\/author\/devene\/","identifier":1,"image":{"@type":"ImageObject","@id":"https:\/\/secure.gravatar.com\/avatar\/383247cd769f7ac317a5bcda943ec48a3c79d996598ae4564ec21a0e178126d1?s=96&d=mm&r=g","url":"https:\/\/secure.gravatar.com\/avatar\/383247cd769f7ac317a5bcda943ec48a3c79d996598ae4564ec21a0e178126d1?s=96&d=mm&r=g","height":96,"width":96}},"publisher":{"@type":"Organization","name":"famosharazimova.cz","logo":{"@type":"ImageObject","@id":"\/logo.png","url":"\/logo.png","width":600,"height":60}},"image":{"@type":"ImageObject","@id":"https:\/\/www.famosharazimova.cz\/wp-content\/uploads\/img_a319689_w2549_t1530701141.jpg","url":"https:\/\/www.famosharazimova.cz\/wp-content\/uploads\/img_a319689_w2549_t1530701141.jpg","height":0,"width":0},"url":"https:\/\/www.famosharazimova.cz\/jaka-omezeni-se-vztahuji-k-vystavbe-domu-v-prirodnich-rezervacich\/","wordCount":419,"articleBody":"Finan\u010dn\u00ed situace se v\u00a0\u010desk\u00fdch rodin\u00e1ch za posledn\u00edch deset let zlep\u0161ila natolik, \u017ee si \u0159ada z\u00a0nich m\u016f\u017ee dovolit zakoupit nebo vystav\u011bt vlastn\u00ed d\u016fm, uhrazen\u00fd v\u00a0hotovosti, anebo \u010d\u00e1ste\u010dn\u011b hypot\u00e9kou. Velk\u00fd z\u00e1jem je o lukrativn\u00ed oblasti velk\u00fdch m\u011bst, kde je v\u00edce pracovn\u00edch p\u0159\u00edle\u017eitost\u00ed, nebo naopak v\u00a0rekrea\u010dn\u00edch z\u00f3n\u00e1ch n\u00e1rodn\u00edch park\u016f a p\u0159\u00edrodn\u00edch rezervac\u00ed. Postavit d\u016fm v\u00a0t\u011bchto m\u00edstech v\u0161ak vy\u017eaduje dodr\u017eet p\u0159edem stanoven\u00e9 p\u0159esn\u00e9 instrukce ze strany spr\u00e1vy park\u016f, zejm\u00e9na ch\u016fzi po vyzna\u010den\u00fdch cest\u00e1ch a dal\u0161\u00ed omezen\u00ed pohybu uvnit\u0159 t\u011bchto \u00fazem\u00ed.\tKrajinotvorbaChr\u00e1n\u011bn\u00e9 \u00fazemn\u00ed celky se obecn\u011b sna\u017e\u00ed o zachov\u00e1n\u00ed p\u0159irozen\u00e9ho r\u00e1zu prost\u0159ed\u00ed a ve\u0161ker\u00e9 stavby mus\u00ed tomuto po\u017eadavku vyhov\u011bt. Pamatuje na to i z\u00e1kon, jde tedy o zachov\u00e1n\u00ed historick\u00e9 a kulturn\u00ed hodnoty lokality. Projektant\u016fm a majitel\u016fm nemovitost\u00ed to sice m\u016f\u017ee p\u0159id\u011blat starosti, ov\u0161em sv\u016fj v\u00fdznam to m\u00e1. Nikdo z\u00a0n\u00e1s by jist\u011b nev\u00edtal ob\u0159\u00ed prosklen\u00fd mrakodrap ve stylu americk\u00fdch velkom\u011bst uprost\u0159ed malebn\u00e9 krkono\u0161sk\u00e9 krajiny.\tZ\u00e1kon o ochran\u011b krajiny a p\u0159\u00edrodyZ\u00e1kon 114 z\u00a0roku 1992 hovo\u0159\u00ed jasn\u011b, sv\u00fdm p\u016fsoben\u00edm vymezuje celky n\u00e1rodn\u00edch park\u016f, n\u00e1rodn\u00edch p\u0159\u00edrodn\u00edch rezervac\u00ed, CHKO a p\u0159\u00edrodn\u00edch pam\u00e1tek jako tzv. obzvl\u00e1\u0161t\u011b chr\u00e1n\u011bn\u00e1 \u00fazem\u00ed, kde se na v\u00fdstavbu budov kladou vysok\u00e9 n\u00e1roky. P\u0159\u00edroda je v\u00a0tomto p\u0159\u00edpad\u011b v\u017edy up\u0159ednostn\u011bna p\u0159ed z\u00e1jmy jednotlivc\u016f i skupin.\tN\u00e1rodn\u00ed parkyV\u00a0prvn\u00ed z\u00f3n\u011b n\u00e1rodn\u00edho parku je v\u00fdstavba povolena pouze pro \u00fa\u010delov\u00e9 stavby souvisej\u00edc\u00ed s\u00a0ochranou p\u0159\u00edrody, nikoliv pro obytn\u00e9 budovy. V\u00a0druh\u00e9 z\u00f3n\u011b lze stav\u011bt pouze v\u00fdjime\u010dn\u011b, a jedn\u00e1 se zpravidla o zem\u011bd\u011blsk\u00e9 stavby, v\u00fdstavbu v\u00a0souvislosti s\u00a0turistick\u00fdm ruchem a ochranou st\u00e1tn\u00edch hranic. Nikdy v\u0161ak tyto stavby nesm\u00ed b\u00fdt v\u00a0rozporu s\u00a0pravidly n\u00e1rodn\u00edho parku.Vet\u0159et\u00ed z\u00f3n\u011b je v\u00fdstavba povolena pouze s\u00a0v\u00fdjimkou, kdy zp\u016fsob nakl\u00e1d\u00e1n\u00ed s\u00a0nemovitost\u00ed (hospoda\u0159en\u00ed) nesm\u011b\u0159uje k\u00a0po\u0161kozov\u00e1n\u00ed tamn\u00edho ekosyst\u00e9mu, stejn\u011b tak nakl\u00e1d\u00e1n\u00ed s\u00a0odpady, jejich\u017e likvidace je v\u00a0souladu s\u00a0p\u0159edpisy spr\u00e1vy chr\u00e1n\u011bn\u00e9 lokality.                                                                                                                                                                                                                                                                                                                                                                                                "},{"@context":"https:\/\/schema.org\/","@type":"BreadcrumbList","itemListElement":[{"@type":"ListItem","position":1,"name":"Jak\u00e1 omezen\u00ed se vztahuj\u00ed k v\u00fdstavb\u011b dom\u016f v p\u0159\u00edrodn\u00edch rezervac\u00edch","item":"https:\/\/www.famosharazimova.cz\/jaka-omezeni-se-vztahuji-k-vystavbe-domu-v-prirodnich-rezervacich\/#breadcrumbitem"}]}]