[{"@context":"https:\/\/schema.org\/","@type":"Article","@id":"https:\/\/www.famosharazimova.cz\/interier-od-specialisty\/#Article","mainEntityOfPage":"https:\/\/www.famosharazimova.cz\/interier-od-specialisty\/","headline":"Interi\u00e9r od specialisty","name":"Interi\u00e9r od specialisty","description":"Zlat\u00e9 \u010desk\u00e9 ruce se lze \u0159\u00edci o v\u00fdrobci N\u00e1bytek Plze\u0148. Je.","datePublished":"2024-12-18","dateModified":"2024-12-18","author":{"@type":"Person","@id":"https:\/\/www.famosharazimova.cz\/author\/devene\/#Person","name":"devene","url":"https:\/\/www.famosharazimova.cz\/author\/devene\/","identifier":1,"image":{"@type":"ImageObject","@id":"https:\/\/secure.gravatar.com\/avatar\/383247cd769f7ac317a5bcda943ec48a3c79d996598ae4564ec21a0e178126d1?s=96&d=mm&r=g","url":"https:\/\/secure.gravatar.com\/avatar\/383247cd769f7ac317a5bcda943ec48a3c79d996598ae4564ec21a0e178126d1?s=96&d=mm&r=g","height":96,"width":96}},"publisher":{"@type":"Organization","name":"famosharazimova.cz","logo":{"@type":"ImageObject","@id":"\/logo.png","url":"\/logo.png","width":600,"height":60}},"url":"https:\/\/www.famosharazimova.cz\/interier-od-specialisty\/","wordCount":216,"articleBody":"Zlat\u00e9 \u010desk\u00e9 ruce se lze \u0159\u00edci o v\u00fdrobci N\u00e1bytek Plze\u0148. Je to ryze \u010cesk\u00e1 firma s tradic\u00ed a specializac\u00ed na v\u00fdrobu kuchyn\u00ed, lo\u017enic, p\u0159eds\u00edn\u00ed, ob\u00fdvac\u00edch pokoj\u016f nebo vestav\u011bn\u00fdch sk\u0159\u00edn\u00ed. V\u00fdroba d\u00e1v\u00e1 d\u016fraz na zpracov\u00e1n\u00ed kvalitn\u00edch materi\u00e1l\u016f, precizn\u00edho zhotoven\u00ed a profesion\u00e1ln\u00ed mont\u00e1\u017ee. Byt nevybavujeme ka\u017ed\u00fd rok a je na n\u00e1s, abychom zvolili takov\u00fd materi\u00e1l a styl, kter\u00fd n\u00e1m na del\u0161\u00ed dobu poslou\u017e\u00ed. Jinak \u0159e\u010deno, vydr\u017e\u00ed jak \u017eivotnost\u00ed, tak neokoukan\u00fdm vzhledem. Na v\u00fdb\u011br jsou v\u00fdrobky atypick\u00e9 zhotoven\u00e9 na m\u00edru, ale i t\u0159eba sektorov\u00e9 sk\u0159\u00ed\u0148ky nebo konferen\u010dn\u00ed stolky. U sektorov\u00e9ho vybaven\u00ed pro ob\u00fdvac\u00ed pokoje je samoz\u0159ejmost\u00ed velk\u00e1 mo\u017enost variac\u00ed podle vlastn\u00edho v\u00fdb\u011bru. Sta\u010d\u00ed si jen vybrat materi\u00e1l a barevn\u00e9 proveden\u00ed. Odborn\u00e1 rada pom\u016f\u017ee Pokud se nepova\u017eujete zrovna za bytov\u00e9ho architekta, nevad\u00ed, firma V\u00e1m odborn\u011b porad\u00ed. D\u016fle\u017eit\u00e9 je, abyste v\u011bd\u011bli, co od n\u00e1bytku o\u010dek\u00e1v\u00e1te a rozmyslet si, v jak\u00e9m duchu by m\u011bl celkov\u011b p\u016fsobit. V \u00favahu jsou samoz\u0159ejm\u011b nutn\u00e9 i dispozi\u010dn\u00ed mo\u017enosti bytu \u010di pokoje, do kter\u00e9ho bude vybaven\u00ed zhotoveno.                                                                                                                                                                                                                                                                                                                                                                                                "},{"@context":"https:\/\/schema.org\/","@type":"BreadcrumbList","itemListElement":[{"@type":"ListItem","position":1,"name":"Interi\u00e9r od specialisty","item":"https:\/\/www.famosharazimova.cz\/interier-od-specialisty\/#breadcrumbitem"}]}]